{"id":3520,"date":"2019-02-28T10:37:19","date_gmt":"2019-02-28T10:37:19","guid":{"rendered":"http:\/\/eliott-markus.tech\/armengaud-guerlain.com\/?p=3520"},"modified":"2019-06-17T09:52:08","modified_gmt":"2019-06-17T09:52:08","slug":"e-reputacion-y-datos-personales-en-la-era-digital","status":"publish","type":"post","link":"https:\/\/armengaud-guerlain.com\/es\/e-reputacion-y-datos-personales-en-la-era-digital\/","title":{"rendered":"E-reputaci\u00f3n y datos personales en la era digital"},"content":{"rendered":"<div class=\"m_-5568478123777005923WordSection1\">\n<p>La e-reputaci\u00f3n es la imagen digital de una persona en Internet. Se habla tambi\u00e9n de reputaci\u00f3n online o a\u00fan reputaci\u00f3n digital. Concretamente, se trata de la imagen que es transmitida por una persona f\u00edsica o jur\u00eddica en Internet. Por la aceleraci\u00f3n y la multiplicidad creciente de los flujos de datos e intercambios en Internet, as\u00ed como el desarrollo de las redes sociales, las consecuencias que pueden tener la reputaci\u00f3n digital pueden ser muy importantes.<\/p>\n<p>&nbsp;<\/p>\n<p>Los l\u00edmites entre el acceso ilimitado a toda esta informaci\u00f3n y el derecho innato de las personas al respeto de su vida privada y a la protecci\u00f3n de sus datos personales son inciertos.<\/p>\n<p>&nbsp;<\/p>\n<p>Es, en este contexto, donde se inscribe el <em>\u00a0Reglamento (UE) 2016\/679 del Parlamento Europeo y del Consejo de 27 de abril\u00a0relativo a la protecci\u00f3n de las personas f\u00edsicas en lo que respecta al tratamiento de los datos personales y a la libre circulaci\u00f3n de estos datos<\/em>, aplicable desde el 25 de mayo de 2018 en todos los pa\u00edses de la Uni\u00f3n Europea.<\/p>\n<p>&nbsp;<\/p>\n<p>Al tiempo que ofrece un marco jur\u00eddico unificado para todos los Estados miembros, este Reglamento tiende a aumentar la salvaguarda de los datos personales que circulan por Internet, as\u00ed como a reforzar las sanciones aplicables en la materia.<\/p>\n<p>&nbsp;<\/p>\n<p>Desde hace muchos a\u00f1os, Armengaud Guerlain asesora a sus clientes, tanto particulares como profesionales, en la protecci\u00f3n de sus datos personales y en la aplicaci\u00f3n de las nuevas exigencias reglamentarias.<\/p>\n<\/div>\n","protected":false},"excerpt":{"rendered":"<p>La e-reputaci\u00f3n es la imagen digital de una persona en Internet. Se [&hellip;]<\/p>\n","protected":false},"author":5,"featured_media":1599,"comment_status":"open","ping_status":"open","sticky":false,"template":"","format":"standard","meta":{"_acf_changed":false,"inline_featured_image":false,"footnotes":""},"categories":[34],"tags":[],"class_list":["post-3520","post","type-post","status-publish","format-standard","has-post-thumbnail","hentry","category-focus-es"],"acf":[],"_links":{"self":[{"href":"https:\/\/armengaud-guerlain.com\/es\/wp-json\/wp\/v2\/posts\/3520","targetHints":{"allow":["GET"]}}],"collection":[{"href":"https:\/\/armengaud-guerlain.com\/es\/wp-json\/wp\/v2\/posts"}],"about":[{"href":"https:\/\/armengaud-guerlain.com\/es\/wp-json\/wp\/v2\/types\/post"}],"author":[{"embeddable":true,"href":"https:\/\/armengaud-guerlain.com\/es\/wp-json\/wp\/v2\/users\/5"}],"replies":[{"embeddable":true,"href":"https:\/\/armengaud-guerlain.com\/es\/wp-json\/wp\/v2\/comments?post=3520"}],"version-history":[{"count":3,"href":"https:\/\/armengaud-guerlain.com\/es\/wp-json\/wp\/v2\/posts\/3520\/revisions"}],"predecessor-version":[{"id":4822,"href":"https:\/\/armengaud-guerlain.com\/es\/wp-json\/wp\/v2\/posts\/3520\/revisions\/4822"}],"wp:featuredmedia":[{"embeddable":true,"href":"https:\/\/armengaud-guerlain.com\/es\/wp-json\/wp\/v2\/media\/1599"}],"wp:attachment":[{"href":"https:\/\/armengaud-guerlain.com\/es\/wp-json\/wp\/v2\/media?parent=3520"}],"wp:term":[{"taxonomy":"category","embeddable":true,"href":"https:\/\/armengaud-guerlain.com\/es\/wp-json\/wp\/v2\/categories?post=3520"},{"taxonomy":"post_tag","embeddable":true,"href":"https:\/\/armengaud-guerlain.com\/es\/wp-json\/wp\/v2\/tags?post=3520"}],"curies":[{"name":"wp","href":"https:\/\/api.w.org\/{rel}","templated":true}]}}